{"id":88,"date":"2012-05-11T10:37:49","date_gmt":"2012-05-11T09:37:49","guid":{"rendered":"http:\/\/word.root.ps\/?p=88"},"modified":"2012-10-21T16:15:27","modified_gmt":"2012-10-21T15:15:27","slug":"ment3-la-caldera","status":"publish","type":"post","link":"https:\/\/word.root.ps\/?p=88","title":{"rendered":"Ment#3 La Caldera, Barcelona 02-18.07.12"},"content":{"rendered":"<p>Un fanzine, un llibre, un manifest. Booksprint !<br \/>\nUna trobada i una assemblea per a definir el programa Barri 2013 de <a href=\"http:\/\/lacaldera.info\">la Caldera<\/a>.<\/p>\n<p>Davant dels canvis profunds del mon actual volem reflexionar tots plegats sobre el paper de l&#8217;artista a la societat i, mes concretament, les tasques d&#8217;un centre de creaci\u00f3 d&#8217;arts esc\u00e8nics al barri. Convidem a 7 pensadors, d&#8217;\u00e0mbits diferents, a juntarse durant una setmana (2 al 6 de juliol) i generar un llibre de reflexions i un document sint\u00e8tic de punts fonamentals a tenir en compte.<\/p>\n<p>Els escriptors : Oscar Abril, Helena Torres, Rosario Hernandez, Itziar Pascual, Gala Pin, Merc\u00e8 Saumell, Sebasti\u00e0 Jovani<\/p>\n<p>Aquests documents es presenten per debat durant 2 dies de trobades a <a href=\"http:\/\/lacaldera.info\">la Caldera<\/a> (16 i 17 de juliol). Despr\u00e8s es convoca una assemblea oberta a tothom (18 de juliol) per a decidir sobre els continguts del programa Barri del Centre de Creaci\u00f3 <a href=\"http:\/\/lacaldera.info\">La Caldera<\/a> pel 2013.<\/p>\n<p>+ info\u00a0<a href=\"http:\/\/www.tea-tron.com\/lacaldera\/blog\/\">http:\/\/www.tea-tron.com\/lacaldera\/blog\/<\/a><\/p>\n<p>el libro :\u00a0<a href=\"http:\/\/booki.cc\/mov_i_ment3\/\">http:\/\/booki.cc\/mov_i_ment3\/<\/a><\/p>\n","protected":false},"excerpt":{"rendered":"<p>Un fanzine, un llibre, un manifest. Booksprint ! Una trobada i una assemblea per a definir el programa Barri 2013 de la Caldera. Davant dels canvis profunds del mon actual volem reflexionar tots plegats sobre el paper de l&#8217;artista a la societat i, mes concretament, les tasques d&#8217;un centre de creaci\u00f3 d&#8217;arts esc\u00e8nics al barri. [&hellip;]<\/p>\n","protected":false},"author":1,"featured_media":0,"comment_status":"open","ping_status":"open","sticky":false,"template":"","format":"standard","meta":{"footnotes":""},"categories":[5],"tags":[],"class_list":["post-88","post","type-post","status-publish","format-standard","hentry","category-actividades"],"_links":{"self":[{"href":"https:\/\/word.root.ps\/index.php?rest_route=\/wp\/v2\/posts\/88"}],"collection":[{"href":"https:\/\/word.root.ps\/index.php?rest_route=\/wp\/v2\/posts"}],"about":[{"href":"https:\/\/word.root.ps\/index.php?rest_route=\/wp\/v2\/types\/post"}],"author":[{"embeddable":true,"href":"https:\/\/word.root.ps\/index.php?rest_route=\/wp\/v2\/users\/1"}],"replies":[{"embeddable":true,"href":"https:\/\/word.root.ps\/index.php?rest_route=%2Fwp%2Fv2%2Fcomments&post=88"}],"version-history":[{"count":9,"href":"https:\/\/word.root.ps\/index.php?rest_route=\/wp\/v2\/posts\/88\/revisions"}],"predecessor-version":[{"id":174,"href":"https:\/\/word.root.ps\/index.php?rest_route=\/wp\/v2\/posts\/88\/revisions\/174"}],"wp:attachment":[{"href":"https:\/\/word.root.ps\/index.php?rest_route=%2Fwp%2Fv2%2Fmedia&parent=88"}],"wp:term":[{"taxonomy":"category","embeddable":true,"href":"https:\/\/word.root.ps\/index.php?rest_route=%2Fwp%2Fv2%2Fcategories&post=88"},{"taxonomy":"post_tag","embeddable":true,"href":"https:\/\/word.root.ps\/index.php?rest_route=%2Fwp%2Fv2%2Ftags&post=88"}],"curies":[{"name":"wp","href":"https:\/\/api.w.org\/{rel}","templated":true}]}}