{"id":770,"date":"2018-04-04T20:00:32","date_gmt":"2018-04-05T01:00:32","guid":{"rendered":"http:\/\/word.root.ps\/?p=770"},"modified":"2018-06-14T19:01:19","modified_gmt":"2018-06-15T00:01:19","slug":"la-tecnologia-somos-nosotrxs-cuenca","status":"publish","type":"post","link":"https:\/\/word.root.ps\/?p=770","title":{"rendered":"Exposici\u00f3n &#8220;La tecnologia somos nosotrxs&#8221;, Sala Proceso, Cuenca"},"content":{"rendered":"<p><a href=\"http:\/\/word.root.ps\/wp-content\/uploads\/2018\/04\/manuel.jpg\"><img loading=\"lazy\" decoding=\"async\" class=\"alignnone size-medium wp-image-774\" src=\"http:\/\/word.root.ps\/wp-content\/uploads\/2018\/04\/manuel-300x200.jpg\" alt=\"manuel\" width=\"300\" height=\"200\" srcset=\"https:\/\/word.root.ps\/wp-content\/uploads\/2018\/04\/manuel-300x200.jpg 300w, https:\/\/word.root.ps\/wp-content\/uploads\/2018\/04\/manuel-768x512.jpg 768w, https:\/\/word.root.ps\/wp-content\/uploads\/2018\/04\/manuel.jpg 900w\" sizes=\"(max-width: 300px) 100vw, 300px\" \/><\/a><a href=\"http:\/\/word.root.ps\/wp-content\/uploads\/2018\/04\/DSC02916.jpg\"><img loading=\"lazy\" decoding=\"async\" class=\"alignnone size-medium wp-image-771\" src=\"http:\/\/word.root.ps\/wp-content\/uploads\/2018\/04\/DSC02916-300x200.jpg\" alt=\"DSC02916\" width=\"300\" height=\"200\" srcset=\"https:\/\/word.root.ps\/wp-content\/uploads\/2018\/04\/DSC02916-300x200.jpg 300w, https:\/\/word.root.ps\/wp-content\/uploads\/2018\/04\/DSC02916-768x512.jpg 768w, https:\/\/word.root.ps\/wp-content\/uploads\/2018\/04\/DSC02916-1024x683.jpg 1024w\" sizes=\"(max-width: 300px) 100vw, 300px\" \/><\/a><\/p>\n<p><strong>La tecnolog\u00eda somos nosotrxs<\/strong><br \/>\nDel 15 de marzo al 25 de mayo de 2018<br \/>\nSala Proceso, CCE Azuay, Cuenca, Ecuador<br \/>\ntexto curatorial: <a href=\"http:\/\/word.root.ps\/wp-content\/uploads\/2018\/04\/la_tecnologia_somos_nosotrxs.pdf\">la_tecnologia_somos_nosotrxs<\/a><br \/>\nreview: <a href=\"http:\/\/recodo.sx\/una-pequena-maravilla\/\">recodo<br \/>\n<\/a>prensa:\u00a0<a href=\"https:\/\/ww2.elmercurio.com.ec\/2018\/03\/17\/muestra-genera-reflexion-arte-tecnologia\/\">el mercurio<br \/>\n<\/a>fotos:<a href=\"https:\/\/www.facebook.com\/pedr0s0ler\/media_set?set=a.10155642311193927.1073741835.608328926&amp;type=3\" target=\"_blank\"> inauguraci\u00f3n<\/a><\/p>\n<p>La tecnolog\u00eda define la condici\u00f3n humana. Pensadores como Hannah Arendt o Henri Bergson proponen <i>Homo faber<\/i> en lugar de<i> Homo sapiens<\/i> como nombre que retrata mejor a la especie. Hoy, sus tecnolog\u00edas \u2014que durante milenios exist\u00edan en equilibrio con el entorno natural\u2014 se han convertido en voraces m\u00e1quinas devastadoras de nuestro planeta y su diversidad cultural y biol\u00f3gica. <b>La tecnolog\u00eda somos nosotrxs<\/b> es una exposici\u00f3n de cinco artistas y una serie de talleres que pretenden repensar la relaci\u00f3n entre el <i>Homo faber<\/i>, las tecnolog\u00edas y el mundo. Este proyecto se propone como un prisma decolonial que, parafraseando a Mafe Moscoso, expande y transforma la idea de la tecnolog\u00eda, de qui\u00e9n la produce, en d\u00f3nde y para qui\u00e9n, buscando un soplo de curaci\u00f3n y el equilibrio del <i>Homo faber<\/i> con su mundo.<\/p>\n<p>Artistas:<br \/>\nDaniela Moreno Wray<br \/>\nJuan Carlos Le\u00f3n<br \/>\nJuan Orozco y Luis Negr\u00f3n<br \/>\nTabita Rezaire<br \/>\nXMediaLab<\/p>\n<p>Talleres:<br \/>\nAlexandra C\u00e1rdenas, Khipunk, Juan Manuel Crespo y lxs artistas.<\/p>\n<p>Curador:<br \/>\nPedro Soler<\/p>\n<p>Idea y Producci\u00f3n:<br \/>\nTatiana Avenda\u00f1o<\/p>\n<p><!--more--><\/p>\n<p>Colaboradorxs:<br \/>\nTatiana Rodr\u00edguez, Ernesto Santos, Proyecto Khipu<\/p>\n<p>Asistente de producci\u00f3n:<br \/>\nMarcelo Andrade<\/p>\n<p>T\u00e9cnico de montaje:<br \/>\nJos\u00e9 Luis Hurtado<\/p>\n<p>Dise\u00f1o:<br \/>\nSebastian Pacheco<\/p>\n<p>Celulosa:<br \/>\nGabriela Vazquez<\/p>\n<p>Correcci\u00f3n de textos y traducciones:<br \/>\nCamila Corral<br \/>\nDavid Larriva<\/p>\n<p>Ceremonia de inauguraci\u00f3n:<br \/>\nTaita Manuel Montero<\/p>\n<p>Tullpa:<br \/>\nDo\u00f1a Julia Le\u00f3n y familia<\/p>\n<p>Acogida:<br \/>\nFabiola Cedillo<\/p>\n","protected":false},"excerpt":{"rendered":"<p>La tecnolog\u00eda somos nosotrxs Del 15 de marzo al 25 de mayo de 2018 Sala Proceso, CCE Azuay, Cuenca, Ecuador texto curatorial: la_tecnologia_somos_nosotrxs review: recodo prensa:\u00a0el mercurio fotos: inauguraci\u00f3n La tecnolog\u00eda define la condici\u00f3n humana. Pensadores como Hannah Arendt o Henri Bergson proponen Homo faber en lugar de Homo sapiens como nombre que retrata mejor [&hellip;]<\/p>\n","protected":false},"author":1,"featured_media":0,"comment_status":"open","ping_status":"open","sticky":false,"template":"","format":"standard","meta":{"footnotes":""},"categories":[5,25,8],"tags":[],"class_list":["post-770","post","type-post","status-publish","format-standard","hentry","category-actividades","category-expos","category-projects"],"_links":{"self":[{"href":"https:\/\/word.root.ps\/index.php?rest_route=\/wp\/v2\/posts\/770"}],"collection":[{"href":"https:\/\/word.root.ps\/index.php?rest_route=\/wp\/v2\/posts"}],"about":[{"href":"https:\/\/word.root.ps\/index.php?rest_route=\/wp\/v2\/types\/post"}],"author":[{"embeddable":true,"href":"https:\/\/word.root.ps\/index.php?rest_route=\/wp\/v2\/users\/1"}],"replies":[{"embeddable":true,"href":"https:\/\/word.root.ps\/index.php?rest_route=%2Fwp%2Fv2%2Fcomments&post=770"}],"version-history":[{"count":14,"href":"https:\/\/word.root.ps\/index.php?rest_route=\/wp\/v2\/posts\/770\/revisions"}],"predecessor-version":[{"id":822,"href":"https:\/\/word.root.ps\/index.php?rest_route=\/wp\/v2\/posts\/770\/revisions\/822"}],"wp:attachment":[{"href":"https:\/\/word.root.ps\/index.php?rest_route=%2Fwp%2Fv2%2Fmedia&parent=770"}],"wp:term":[{"taxonomy":"category","embeddable":true,"href":"https:\/\/word.root.ps\/index.php?rest_route=%2Fwp%2Fv2%2Fcategories&post=770"},{"taxonomy":"post_tag","embeddable":true,"href":"https:\/\/word.root.ps\/index.php?rest_route=%2Fwp%2Fv2%2Ftags&post=770"}],"curies":[{"name":"wp","href":"https:\/\/api.w.org\/{rel}","templated":true}]}}