{"id":278,"date":"2013-01-11T15:21:14","date_gmt":"2013-01-11T14:21:14","guid":{"rendered":"http:\/\/word.root.ps\/?p=278"},"modified":"2013-03-17T16:17:48","modified_gmt":"2013-03-17T15:17:48","slug":"taller-la-casa-tomada-el-salvador","status":"publish","type":"post","link":"https:\/\/word.root.ps\/?p=278","title":{"rendered":"Taller @ La Casa Tomada, El Salvador"},"content":{"rendered":"<p><strong>Modelos de gesti\u00f3n y plataformas transmedia para una cultura libre y colectiva<\/strong><br \/>\n9 y 10 de marzo 2013, 10h-12h &amp; 13h-17h<\/p>\n<p>Destinado a: gestores y gestoras culturales independientes, m\u00fasicos,\u00a0artistas esc\u00e9nicos, colectivos, hackers, programadores, estudios de sonido,\u00a0disqueras &#8230;<br \/>\nInscripci\u00f3n abierta hasta el 28 de febrero. Enviar cv y carta de motivaci\u00f3n\u00a0a\u00a0<a href=\"https:\/\/root.ps\/horde3\/imp\/message.php?mailbox=INBOX.Borradores&amp;index=1340#\">apublico@ccespanasv.org<\/a><\/p>\n<p>Bas\u00e1ndonos\u00a0en casos de estudio recientes (Hangar, SummerLabs, Reality Creation Kit, \u00a0LabSurlab, Pixelache, Calafou, Open Taqafa &#8230; ) adem\u00e1s de ejemplos aportados por los \u00a0participantes, exploraremos como aplicar modelos de gesti\u00f3n horizontal y emergente a \u00a0proyectos culturales. Intentaremos trazar caminos que garantizan que la cultura sea un \u00a0bien com\u00fan y los proyectos, sostenibles. Investigando varios\u00a0t\u00e9cnicas\u00a0y estructuras de<br \/>\n(dis)organizaci\u00f3n esbozaremos un conjunto de pr\u00e1cticas culturales de c\u00f3digo libre.<\/p>\n<p>Pedro Soler es agitador cultural, curador y escritor. Ha participado en numerosas \u00a0iniciativas autogestionadas adem\u00e1s de trabajar en el festival Sonar de 2000 a 2005 y dirigir el centro de producci\u00f3n Hangar (ambos en Barcelona) de 2006 a 2010. Actualmente \u00a0agita en varios encuentros interdisciplinares, co-organiza el Summer of Labs (Francia, \u00a0Espa\u00f1a y Marruecos) y colabora en Calafou, un proyecto post-capitalista en Catalunya.<\/p>\n<p>Documentaci\u00f3n : <a href=\"https:\/\/horizonteculturalibre.jux.com\/\">https:\/\/horizonteculturalibre.jux.com\/<\/a><\/p>\n","protected":false},"excerpt":{"rendered":"<p>Modelos de gesti\u00f3n y plataformas transmedia para una cultura libre y colectiva 9 y 10 de marzo 2013, 10h-12h &amp; 13h-17h Destinado a: gestores y gestoras culturales independientes, m\u00fasicos,\u00a0artistas esc\u00e9nicos, colectivos, hackers, programadores, estudios de sonido,\u00a0disqueras &#8230; Inscripci\u00f3n abierta hasta el 28 de febrero. Enviar cv y carta de motivaci\u00f3n\u00a0a\u00a0apublico@ccespanasv.org Bas\u00e1ndonos\u00a0en casos de estudio recientes [&hellip;]<\/p>\n","protected":false},"author":1,"featured_media":0,"comment_status":"open","ping_status":"open","sticky":false,"template":"","format":"standard","meta":{"footnotes":""},"categories":[5,11],"tags":[16,14,13],"class_list":["post-278","post","type-post","status-publish","format-standard","hentry","category-actividades","category-talleres","tag-el-salvador","tag-gestion-cultural","tag-taller"],"_links":{"self":[{"href":"https:\/\/word.root.ps\/index.php?rest_route=\/wp\/v2\/posts\/278"}],"collection":[{"href":"https:\/\/word.root.ps\/index.php?rest_route=\/wp\/v2\/posts"}],"about":[{"href":"https:\/\/word.root.ps\/index.php?rest_route=\/wp\/v2\/types\/post"}],"author":[{"embeddable":true,"href":"https:\/\/word.root.ps\/index.php?rest_route=\/wp\/v2\/users\/1"}],"replies":[{"embeddable":true,"href":"https:\/\/word.root.ps\/index.php?rest_route=%2Fwp%2Fv2%2Fcomments&post=278"}],"version-history":[{"count":3,"href":"https:\/\/word.root.ps\/index.php?rest_route=\/wp\/v2\/posts\/278\/revisions"}],"predecessor-version":[{"id":280,"href":"https:\/\/word.root.ps\/index.php?rest_route=\/wp\/v2\/posts\/278\/revisions\/280"}],"wp:attachment":[{"href":"https:\/\/word.root.ps\/index.php?rest_route=%2Fwp%2Fv2%2Fmedia&parent=278"}],"wp:term":[{"taxonomy":"category","embeddable":true,"href":"https:\/\/word.root.ps\/index.php?rest_route=%2Fwp%2Fv2%2Fcategories&post=278"},{"taxonomy":"post_tag","embeddable":true,"href":"https:\/\/word.root.ps\/index.php?rest_route=%2Fwp%2Fv2%2Ftags&post=278"}],"curies":[{"name":"wp","href":"https:\/\/api.w.org\/{rel}","templated":true}]}}