{"id":270,"date":"2013-01-07T13:15:16","date_gmt":"2013-01-07T12:15:16","guid":{"rendered":"http:\/\/word.root.ps\/?p=270"},"modified":"2013-02-16T19:04:18","modified_gmt":"2013-02-16T18:04:18","slug":"taller-procomun-gestion-cultural-ccemx-mexico-df","status":"publish","type":"post","link":"https:\/\/word.root.ps\/?p=270","title":{"rendered":"Taller Procom\u00fan &#038; Gesti\u00f3n Cultural @ CCEMX, M\u00e9xico DF"},"content":{"rendered":"<p><strong>Procom\u00fan para la gesti\u00f3n cultural<\/strong><br \/>\nMartes 12, mi\u00e9rcoles 13, jueves 14 y viernes 15 de febrero 2013,\u00a016:00 a 20:00 hrs<br \/>\nInscripciones :\u00a0COMPLETO<\/p>\n<p>Se explorar\u00e1n los nuevos paradigmas de gesti\u00f3n cultural que est\u00e1n emergiendo\u00a0de la cultura libre; la comunidad, la construcci\u00f3n desde abajo, tecnolog\u00edas y\u00a0licencias abiertas, la inteligencia colectiva y los redes sociales. Usando la met\u00e1fora\u00a0de la permacultura y otras aportaciones de la biolog\u00eda y los movimientos\u00a0sociales, trabajaremos juntos para crear nuevas t\u00e1cticas y maneras de hacer\u00a0desde la autonom\u00eda, la libertad y el procom\u00fan.<br \/>\nDirigido a: artistas, creadores\/as, gestores\/as culturales, galeristas y profesionales\u00a0que trabajan en el campo de la cultura.<\/p>\n<p>biblograf\u00eda y m\u00e1s : <a href=\"https:\/\/n-1.cc\/g\/gestin_cultural_por_el_procomn\">https:\/\/n-1.cc\/g\/gestin_cultural_por_el_procomn<\/a><\/p>\n","protected":false},"excerpt":{"rendered":"<p>Procom\u00fan para la gesti\u00f3n cultural Martes 12, mi\u00e9rcoles 13, jueves 14 y viernes 15 de febrero 2013,\u00a016:00 a 20:00 hrs Inscripciones :\u00a0COMPLETO Se explorar\u00e1n los nuevos paradigmas de gesti\u00f3n cultural que est\u00e1n emergiendo\u00a0de la cultura libre; la comunidad, la construcci\u00f3n desde abajo, tecnolog\u00edas y\u00a0licencias abiertas, la inteligencia colectiva y los redes sociales. Usando la met\u00e1fora\u00a0de [&hellip;]<\/p>\n","protected":false},"author":1,"featured_media":0,"comment_status":"open","ping_status":"open","sticky":false,"template":"","format":"standard","meta":{"footnotes":""},"categories":[5,11],"tags":[14,12,13],"class_list":["post-270","post","type-post","status-publish","format-standard","hentry","category-actividades","category-talleres","tag-gestion-cultural","tag-mexico","tag-taller"],"_links":{"self":[{"href":"https:\/\/word.root.ps\/index.php?rest_route=\/wp\/v2\/posts\/270"}],"collection":[{"href":"https:\/\/word.root.ps\/index.php?rest_route=\/wp\/v2\/posts"}],"about":[{"href":"https:\/\/word.root.ps\/index.php?rest_route=\/wp\/v2\/types\/post"}],"author":[{"embeddable":true,"href":"https:\/\/word.root.ps\/index.php?rest_route=\/wp\/v2\/users\/1"}],"replies":[{"embeddable":true,"href":"https:\/\/word.root.ps\/index.php?rest_route=%2Fwp%2Fv2%2Fcomments&post=270"}],"version-history":[{"count":9,"href":"https:\/\/word.root.ps\/index.php?rest_route=\/wp\/v2\/posts\/270\/revisions"}],"predecessor-version":[{"id":295,"href":"https:\/\/word.root.ps\/index.php?rest_route=\/wp\/v2\/posts\/270\/revisions\/295"}],"wp:attachment":[{"href":"https:\/\/word.root.ps\/index.php?rest_route=%2Fwp%2Fv2%2Fmedia&parent=270"}],"wp:term":[{"taxonomy":"category","embeddable":true,"href":"https:\/\/word.root.ps\/index.php?rest_route=%2Fwp%2Fv2%2Fcategories&post=270"},{"taxonomy":"post_tag","embeddable":true,"href":"https:\/\/word.root.ps\/index.php?rest_route=%2Fwp%2Fv2%2Ftags&post=270"}],"curies":[{"name":"wp","href":"https:\/\/api.w.org\/{rel}","templated":true}]}}