{"id":1571,"date":"2026-08-15T19:10:24","date_gmt":"2026-08-16T00:10:24","guid":{"rendered":"https:\/\/word.root.ps\/?p=1571"},"modified":"2026-09-05T19:19:39","modified_gmt":"2026-09-06T00:19:39","slug":"rostros-del-suelo-en-el-choco-andino","status":"publish","type":"post","link":"https:\/\/word.root.ps\/?p=1571","title":{"rendered":"Rostros del Suelo en el Choc\u00f3 Andino"},"content":{"rendered":"\n<figure class=\"wp-block-image size-large\"><a href=\"https:\/\/word.root.ps\/wp-content\/uploads\/2026\/09\/00-conjunto-2.png\"><img loading=\"lazy\" decoding=\"async\" width=\"1024\" height=\"724\" src=\"https:\/\/word.root.ps\/wp-content\/uploads\/2026\/09\/00-conjunto-2-1024x724.png\" alt=\"\" class=\"wp-image-1574\" srcset=\"https:\/\/word.root.ps\/wp-content\/uploads\/2026\/09\/00-conjunto-2-1024x724.png 1024w, https:\/\/word.root.ps\/wp-content\/uploads\/2026\/09\/00-conjunto-2-300x212.png 300w, https:\/\/word.root.ps\/wp-content\/uploads\/2026\/09\/00-conjunto-2-768x543.png 768w, https:\/\/word.root.ps\/wp-content\/uploads\/2026\/09\/00-conjunto-2.png 1520w\" sizes=\"(max-width: 1024px) 100vw, 1024px\" \/><\/a><\/figure>\n\n\n\n<p><br>La exposici\u00f3n &#8220;Rostros del Suelo&#8221; es el resultado de tres talleres de cromatograf\u00eda impartidos por el Laboratorio Sisa Pakari de La Chimba en tres lugares del Choc\u00f3 Andino &#8211; Entrebosques, Finca Macondo y El Patio &#8211; con los y las participantes en el programa de <a href=\"https:\/\/condesan.org\/proyecto-redviva\/\">RedViva<\/a> de <a href=\"https:\/\/condesan.org\">CONDESAN<\/a>.<br><br>El <a href=\"https:\/\/www.instagram.com\/sisapakarilab\/\">Laboratorio Sisa Pakari<\/a>, dirigido por Karen Benalc\u00e1zar Andrango, es un laboratorio comunitario rural ubicado en el Centro Intercultural Comunitario Tr\u00e1nsito Amagua\u00f1a (<a href=\"http:\/\/cicta.org\">CICTA<\/a>) en la comunidad de La Chimba, Cayambe. Su objetivo es proporcionar un espacio para la educaci\u00f3n ambiental, la experimentaci\u00f3n arte-ciencia y el desarrollo agropecuario comunitario agroecol\u00f3gico. <br><br>Direcci\u00f3n y Curadoria: Pedro Soler y Pablo Ortiz<br>Cromatografia y edici\u00f3n: Karen Benalc\u00e1zar Andrango <br>Maquina de croma-sonificaci\u00f3n: Estudio Tekn\u00e9 (Ronny Albuja y Santiago Tapia)<\/p>\n\n\n\n<p>Exposici\u00f3n en Entrebosques, Agosto 2026<\/p>\n\n\n\n<!--more-->\n\n\n\n<figure class=\"wp-block-image size-large\"><a href=\"https:\/\/word.root.ps\/wp-content\/uploads\/2026\/09\/01-vista-general.jpg\"><img loading=\"lazy\" decoding=\"async\" width=\"1024\" height=\"769\" src=\"https:\/\/word.root.ps\/wp-content\/uploads\/2026\/09\/01-vista-general-1024x769.jpg\" alt=\"\" class=\"wp-image-1576\" srcset=\"https:\/\/word.root.ps\/wp-content\/uploads\/2026\/09\/01-vista-general-1024x769.jpg 1024w, https:\/\/word.root.ps\/wp-content\/uploads\/2026\/09\/01-vista-general-300x225.jpg 300w, https:\/\/word.root.ps\/wp-content\/uploads\/2026\/09\/01-vista-general-768x577.jpg 768w, https:\/\/word.root.ps\/wp-content\/uploads\/2026\/09\/01-vista-general-1536x1154.jpg 1536w, https:\/\/word.root.ps\/wp-content\/uploads\/2026\/09\/01-vista-general.jpg 2048w\" sizes=\"(max-width: 1024px) 100vw, 1024px\" \/><\/a><\/figure>\n\n\n\n<figure class=\"wp-block-image size-large\"><a href=\"https:\/\/word.root.ps\/wp-content\/uploads\/2026\/09\/02-visita-general-1.jpg\"><img loading=\"lazy\" decoding=\"async\" width=\"1024\" height=\"769\" src=\"https:\/\/word.root.ps\/wp-content\/uploads\/2026\/09\/02-visita-general-1-1024x769.jpg\" alt=\"\" class=\"wp-image-1577\" srcset=\"https:\/\/word.root.ps\/wp-content\/uploads\/2026\/09\/02-visita-general-1-1024x769.jpg 1024w, https:\/\/word.root.ps\/wp-content\/uploads\/2026\/09\/02-visita-general-1-300x225.jpg 300w, https:\/\/word.root.ps\/wp-content\/uploads\/2026\/09\/02-visita-general-1-768x577.jpg 768w, https:\/\/word.root.ps\/wp-content\/uploads\/2026\/09\/02-visita-general-1-1536x1154.jpg 1536w, https:\/\/word.root.ps\/wp-content\/uploads\/2026\/09\/02-visita-general-1.jpg 2048w\" sizes=\"(max-width: 1024px) 100vw, 1024px\" \/><\/a><\/figure>\n","protected":false},"excerpt":{"rendered":"<p>La exposici\u00f3n &#8220;Rostros del Suelo&#8221; es el resultado de tres talleres de cromatograf\u00eda impartidos por el Laboratorio Sisa Pakari de La Chimba en tres lugares del Choc\u00f3 Andino &#8211; Entrebosques, Finca Macondo y El Patio &#8211; con los y las participantes en el programa de RedViva de CONDESAN. El Laboratorio Sisa Pakari, dirigido por Karen [&hellip;]<\/p>\n","protected":false},"author":1,"featured_media":0,"comment_status":"open","ping_status":"open","sticky":false,"template":"","format":"standard","meta":{"footnotes":""},"categories":[25,11],"tags":[],"class_list":["post-1571","post","type-post","status-publish","format-standard","hentry","category-expos","category-talleres"],"_links":{"self":[{"href":"https:\/\/word.root.ps\/index.php?rest_route=\/wp\/v2\/posts\/1571"}],"collection":[{"href":"https:\/\/word.root.ps\/index.php?rest_route=\/wp\/v2\/posts"}],"about":[{"href":"https:\/\/word.root.ps\/index.php?rest_route=\/wp\/v2\/types\/post"}],"author":[{"embeddable":true,"href":"https:\/\/word.root.ps\/index.php?rest_route=\/wp\/v2\/users\/1"}],"replies":[{"embeddable":true,"href":"https:\/\/word.root.ps\/index.php?rest_route=%2Fwp%2Fv2%2Fcomments&post=1571"}],"version-history":[{"count":3,"href":"https:\/\/word.root.ps\/index.php?rest_route=\/wp\/v2\/posts\/1571\/revisions"}],"predecessor-version":[{"id":1579,"href":"https:\/\/word.root.ps\/index.php?rest_route=\/wp\/v2\/posts\/1571\/revisions\/1579"}],"wp:attachment":[{"href":"https:\/\/word.root.ps\/index.php?rest_route=%2Fwp%2Fv2%2Fmedia&parent=1571"}],"wp:term":[{"taxonomy":"category","embeddable":true,"href":"https:\/\/word.root.ps\/index.php?rest_route=%2Fwp%2Fv2%2Fcategories&post=1571"},{"taxonomy":"post_tag","embeddable":true,"href":"https:\/\/word.root.ps\/index.php?rest_route=%2Fwp%2Fv2%2Ftags&post=1571"}],"curies":[{"name":"wp","href":"https:\/\/api.w.org\/{rel}","templated":true}]}}