{"id":1565,"date":"2026-09-05T18:59:49","date_gmt":"2026-09-05T23:59:49","guid":{"rendered":"https:\/\/word.root.ps\/?p=1565"},"modified":"2026-09-05T19:22:48","modified_gmt":"2026-09-06T00:22:48","slug":"guardianes-de-semillas-y-el-arte-pasto-colombia","status":"publish","type":"post","link":"https:\/\/word.root.ps\/?p=1565","title":{"rendered":"Guardianes de Semillas, Pasto, Colombia"},"content":{"rendered":"\n<figure class=\"wp-block-image size-large\"><a href=\"https:\/\/word.root.ps\/wp-content\/uploads\/2026\/09\/photo_2026-09-05_18-52-50.jpg\"><img loading=\"lazy\" decoding=\"async\" width=\"1024\" height=\"769\" src=\"https:\/\/word.root.ps\/wp-content\/uploads\/2026\/09\/photo_2026-09-05_18-52-50-1024x769.jpg\" alt=\"\" class=\"wp-image-1566\" srcset=\"https:\/\/word.root.ps\/wp-content\/uploads\/2026\/09\/photo_2026-09-05_18-52-50-1024x769.jpg 1024w, https:\/\/word.root.ps\/wp-content\/uploads\/2026\/09\/photo_2026-09-05_18-52-50-300x225.jpg 300w, https:\/\/word.root.ps\/wp-content\/uploads\/2026\/09\/photo_2026-09-05_18-52-50-768x577.jpg 768w, https:\/\/word.root.ps\/wp-content\/uploads\/2026\/09\/photo_2026-09-05_18-52-50.jpg 1280w\" sizes=\"(max-width: 1024px) 100vw, 1024px\" \/><\/a><\/figure>\n\n\n\n<p>La Escuela Itinerante de Artes Pl\u00e1sticas y Visuales + La Red de Guardianes de Semillas de Vida<\/p>\n\n\n\n<p>La semilla es, a la vez, un ser y una promesa. Lleva dentro de ella el ADN desarrollado durante millones de a\u00f1os y la planta que ser\u00e1. La vida de los humanos en la Tierra depende totalmente de las semillas, pero muchas de ellas est\u00e1n en peligro por la p\u00e9rdida o degradaci\u00f3n de sus entornos, el cambio clim\u00e1tico, la biotecnolog\u00eda y la industrializaci\u00f3n de la agricultura.<\/p>\n\n\n\n<p>El compromiso de la <a href=\"https:\/\/www.instagram.com\/redguardianesdesemillasdevida\/\">Red de Guardianes de Semillas de Vida<\/a> es cuidar de las semillas para asegurar la agrobiodiversidad.<\/p>\n\n\n\n<p>Entre julio y septiembre de 2026, la Casa de Semillas en Pasto acogi\u00f3 tres veces por semana encuentros con artistas en los que las y los guardianas exploraron sus capacidades creativas y su v\u00ednculo con las semillas.<\/p>\n\n\n\n<p>La <a href=\"https:\/\/escuelaitinerante.com\/somos\/\">Escuela Itinerante de Artes Pl\u00e1sticas y Visuales<\/a> (EIAPV) es una iniciativa de mediaci\u00f3n art\u00edstica del Ministerio de las Culturas, las Artes y los Saberes de Colombia que busca superar la idea de la \u201cformaci\u00f3n\u201d como proceso vertical, para acercarse a la idea del encuentro y la escucha. Desarrolla acciones que se construyen con cada territorio e implementa estrategias que comprenden las pr\u00e1cticas art\u00edsticas y culturales, como procesos expandidos que trascienden la formaci\u00f3n disciplinar y los hechos formales. No busca ense\u00f1ar, sino propiciar conversaciones en las que las artes se desempe\u00f1an como detonantes de di\u00e1logos, lenguajes, apreciaciones y narrativas compartidas.<\/p>\n\n\n\n<p>Coordinaci\u00f3n: Vladimir Hern\u00e1ndez<br>De-Formadora Invitada: Pedro Soler<br>Artistas: Ana Aguirre, Jimena C\u00e1rdenas, Daniel Henao, Francisco Marines, Camilo Mu\u00f1oz<\/p>\n\n\n\n<p>Exposici\u00f3n 10-12 Septiembre 2026, Casa de la Cultura, Pasto, Colombia.<\/p>\n","protected":false},"excerpt":{"rendered":"<p>La Escuela Itinerante de Artes Pl\u00e1sticas y Visuales + La Red de Guardianes de Semillas de Vida La semilla es, a la vez, un ser y una promesa. Lleva dentro de ella el ADN desarrollado durante millones de a\u00f1os y la planta que ser\u00e1. La vida de los humanos en la Tierra depende totalmente de [&hellip;]<\/p>\n","protected":false},"author":1,"featured_media":0,"comment_status":"open","ping_status":"open","sticky":false,"template":"","format":"standard","meta":{"footnotes":""},"categories":[5,25],"tags":[],"class_list":["post-1565","post","type-post","status-publish","format-standard","hentry","category-actividades","category-expos"],"_links":{"self":[{"href":"https:\/\/word.root.ps\/index.php?rest_route=\/wp\/v2\/posts\/1565"}],"collection":[{"href":"https:\/\/word.root.ps\/index.php?rest_route=\/wp\/v2\/posts"}],"about":[{"href":"https:\/\/word.root.ps\/index.php?rest_route=\/wp\/v2\/types\/post"}],"author":[{"embeddable":true,"href":"https:\/\/word.root.ps\/index.php?rest_route=\/wp\/v2\/users\/1"}],"replies":[{"embeddable":true,"href":"https:\/\/word.root.ps\/index.php?rest_route=%2Fwp%2Fv2%2Fcomments&post=1565"}],"version-history":[{"count":5,"href":"https:\/\/word.root.ps\/index.php?rest_route=\/wp\/v2\/posts\/1565\/revisions"}],"predecessor-version":[{"id":1581,"href":"https:\/\/word.root.ps\/index.php?rest_route=\/wp\/v2\/posts\/1565\/revisions\/1581"}],"wp:attachment":[{"href":"https:\/\/word.root.ps\/index.php?rest_route=%2Fwp%2Fv2%2Fmedia&parent=1565"}],"wp:term":[{"taxonomy":"category","embeddable":true,"href":"https:\/\/word.root.ps\/index.php?rest_route=%2Fwp%2Fv2%2Fcategories&post=1565"},{"taxonomy":"post_tag","embeddable":true,"href":"https:\/\/word.root.ps\/index.php?rest_route=%2Fwp%2Fv2%2Ftags&post=1565"}],"curies":[{"name":"wp","href":"https:\/\/api.w.org\/{rel}","templated":true}]}}