{"id":1443,"date":"2024-11-07T08:17:18","date_gmt":"2024-11-07T13:17:18","guid":{"rendered":"https:\/\/word.root.ps\/?p=1443"},"modified":"2025-02-18T11:36:58","modified_gmt":"2025-02-18T16:36:58","slug":"gestion-cultural-rural-en-el-cicta","status":"publish","type":"post","link":"https:\/\/word.root.ps\/?p=1443","title":{"rendered":"Gesti\u00f3n Cultural Rural en el CICTA, Ecuador"},"content":{"rendered":"\n<p>El Centro Intercultural Comunitario Tr\u00e1nsito Amagua\u00f1a (CICTA) en <a href=\"https:\/\/www.facebook.com\/profile.php?id=100075754615515\">La Chimba, Cayambe, Ecuador<\/a>, presenta un ciclo de 4 talleres en linea para aportar herramientas y experiencias para el ejercicio pleno de la gesti\u00f3n cultural rural a favor de los derechos culturales territoriales, la emergencia de las nuevas formas art\u00edsticas y el sustento de las comunidades.<\/p>\n\n\n\n<p><strong>1. Jueves 21 noviembre 2024 &#8211; MEDIACI\u00d3N CULTURAL \u2013 TAU LUNA ACOSTA (COL\/ESP)<br>2. Jueves 9 enero 2025 &#8211; INSTITUCIONES Y POL\u00cdTICAS CULTURALES &#8211; EDUARDO VACA (ECU)<br>3. Mi\u00e9rcoles 12 febrero 2025 &#8211; GESTI\u00d3N CULTURAL COMUNITARIA &#8211; PAO DE LA VEGA (ECU)<br>4. Jueves 6 marzo 2025 &#8211; RESIDENCIAS DE CREACI\u00d3N &#8211; LUCIANA FLEISCHMAN (ARG\/COL)<\/strong><\/p>\n\n\n\n<p>La participaci\u00f3n es gratuita mediante inscripci\u00f3n. Un certificado ser\u00e1 entregado a las personas que participen en todas las 4 sesiones. Las subscripciones ya est\u00e1n cerradas. Informaci\u00f3n sobre las ponentes >>><\/p>\n\n\n\n<!--more-->\n\n\n\n<figure class=\"wp-block-image size-large is-resized\"><a href=\"https:\/\/word.root.ps\/wp-content\/uploads\/2024\/11\/flyer2023small.jpg\"><img loading=\"lazy\" decoding=\"async\" width=\"766\" height=\"1024\" src=\"https:\/\/word.root.ps\/wp-content\/uploads\/2024\/11\/flyer2023small-766x1024.jpg\" alt=\"\" class=\"wp-image-1490\" style=\"width:363px;height:auto\" srcset=\"https:\/\/word.root.ps\/wp-content\/uploads\/2024\/11\/flyer2023small-766x1024.jpg 766w, https:\/\/word.root.ps\/wp-content\/uploads\/2024\/11\/flyer2023small-225x300.jpg 225w, https:\/\/word.root.ps\/wp-content\/uploads\/2024\/11\/flyer2023small-768x1026.jpg 768w, https:\/\/word.root.ps\/wp-content\/uploads\/2024\/11\/flyer2023small-1150x1536.jpg 1150w, https:\/\/word.root.ps\/wp-content\/uploads\/2024\/11\/flyer2023small.jpg 1500w\" sizes=\"(max-width: 766px) 100vw, 766px\" \/><\/a><\/figure>\n\n\n\n<p><strong>Taller 3: <br>18h Miercoles 12 febrero 2025 &#8211; GESTI\u00d3N CULTURAL COMUNITARIA &#8211; PAO DE LA VEGA (ECU)<\/strong><\/p>\n\n\n\n<p>Desde un enfoque transdisciplinar, este taller reflexiona sobre el nacimiento de la gesti\u00f3n cultural en Ecuador. Con el apoyo de conceptos claves y una metodolog\u00eda participativa, invita a identificar pr\u00e1cticas de utopismo concreto -fundamento de la gesti\u00f3n cultural cr\u00edtica- que resisten a lo que Wilder (2022) define como un pesimismo categ\u00f3rico: aquel que declara la imposibilidad de cualquier cambio en sinton\u00eda con el triunfalismo del fin de la historia proclamado por el orden neoliberal.<br><br>Educadora, investigadora y trabajadora cultural. Dra. en Estudios Culturales Latinoamericanos por la Universidad Andina Sim\u00f3n Bol\u00edvar Sede Ecuador (UASB). Lcda. en Comunicaci\u00f3n y Literatura por la Pontificia Universidad Cat\u00f3lica del Ecuador (PUCE) y M\u00e1ster en Gesti\u00f3n Cultural por la Universidad Carlos III de Madrid. Fue cofundadora y directora de Gescultura, plataforma colectiva donde trabaj\u00f3 entre 2007 y 2017.  Actualmente es coordinadora y docente-investigadora de la Carrera de Artes Visuales de la PUCE, y profesora invitada en varios postgrados nacionales e internacionales en gesti\u00f3n cultural y pol\u00edticas culturales en Latinoamericana y Espa\u00f1a. Cre\u00f3 y coordin\u00f3 la Maestr\u00eda en Gesti\u00f3n Cultural y Pol\u00edticas Culturales de la UASB y colabor\u00f3 como docente de varios programas de postgrado de esta universidad. Sus l\u00edneas de investigaci\u00f3n son genealog\u00edas de la gesti\u00f3n cultural; gesti\u00f3n cultural cr\u00edtica; pol\u00edticas culturales en Ecuador y Am\u00e9rica Latina; gesti\u00f3n cultural comunitaria. Es autora de varias publicaciones acad\u00e9micas y divulgativas: <a href=\"https:\/\/puce-ec.academia.edu\/paoladelavega\">https:\/\/puce-ec.academia.edu\/paoladelavega<\/a><br>En 2024 public\u00f3 el libro \u201cGenealog\u00edas para una gesti\u00f3n cultural cr\u00edtica\u201d (RGC Argentina-EdiPUCE).<\/p>\n\n\n\n<figure class=\"wp-block-image size-large is-resized\"><a href=\"https:\/\/word.root.ps\/wp-content\/uploads\/2024\/11\/3_LFleischman_Museo-Taller.jpg\"><img loading=\"lazy\" decoding=\"async\" width=\"1024\" height=\"1024\" src=\"https:\/\/word.root.ps\/wp-content\/uploads\/2024\/11\/3_LFleischman_Museo-Taller-1024x1024.jpg\" alt=\"\" class=\"wp-image-1484\" style=\"width:358px;height:auto\" srcset=\"https:\/\/word.root.ps\/wp-content\/uploads\/2024\/11\/3_LFleischman_Museo-Taller-1024x1024.jpg 1024w, https:\/\/word.root.ps\/wp-content\/uploads\/2024\/11\/3_LFleischman_Museo-Taller-300x300.jpg 300w, https:\/\/word.root.ps\/wp-content\/uploads\/2024\/11\/3_LFleischman_Museo-Taller-150x150.jpg 150w, https:\/\/word.root.ps\/wp-content\/uploads\/2024\/11\/3_LFleischman_Museo-Taller-768x768.jpg 768w, https:\/\/word.root.ps\/wp-content\/uploads\/2024\/11\/3_LFleischman_Museo-Taller-1536x1536.jpg 1536w, https:\/\/word.root.ps\/wp-content\/uploads\/2024\/11\/3_LFleischman_Museo-Taller.jpg 1600w\" sizes=\"(max-width: 1024px) 100vw, 1024px\" \/><\/a><\/figure>\n\n\n\n<p><strong>Taller 4:<br>18h Jueves 6 marzo 2025 &#8211; RESIDENCIAS DE CREACI\u00d3N &#8211; LUCIANA FLEISCHMAN (ARG\/COL)<br><\/strong><br>Las residencias de creaci\u00f3n ofrecen entornos inmersivos para explorar y profundizar procesos creativos, compartirlos con otres, experimentar y descubrir nuevas conexiones y posibilidades de la propia pr\u00e1ctica, donde abundan los aprendizajes mutuos a partir de la escucha y el di\u00e1logo con un nuevo contexto. Durante el taller se abordar\u00e1n los diferentes tipos y modalidades de residencias, principales aspectos a tener en cuenta a la hora de preparar una propuesta de aplicaci\u00f3n y una gu\u00eda de oportunidades para artistas de Am\u00e9rica Latina.<\/p>\n\n\n\n<p>Luciana Fleischman (Argentina\/Colombia) combina en su trabajo la gesti\u00f3n cultural colaborativa, los procesos de investigaci\u00f3n, el aprendizaje y la experimentaci\u00f3n art\u00edstica, as\u00ed como la perspectiva comunitaria. Ha realizado talleres, laboratorios y asesor\u00edas de proyectos en diversas organizaciones e instituciones de Am\u00e9rica Latina. Desde 2016 se traslad\u00f3 a Medell\u00edn, Colombia, coordinando el programa de Arte y Pensamiento del laboratorio comunitario Platohedro (<a href=\"http:\/\/www.platohedro.org\/\">http:\/\/www.platohedro.org\/<\/a>) donde ha desarrollando diversos proyectos, residencias, actividades de formaci\u00f3n e intercambios. Desde 2021 tambi\u00e9n integra el equipo de coordinaci\u00f3n de la red Arts Collaboratory, que re\u00fane a organizaciones art\u00edsticas de Am\u00e9rica Latina, Asia, \u00c1frica y Oriente Medio (<a href=\"http:\/\/artscollaboratory.org\">http:\/\/artscollaboratory.org<\/a>). En este rol, contribuye al mantenimiento y facilitaci\u00f3n de procesos colectivos a trav\u00e9s de grupos de trabajo y proyectos art\u00edsticos colaborativos y multiculturales.<\/p>\n\n\n\n<p>PASADOS:<\/p>\n\n\n\n<p><\/p>\n\n\n\n<figure class=\"wp-block-image size-large is-resized\"><a href=\"https:\/\/word.root.ps\/wp-content\/uploads\/2024\/11\/taller-1.jpg\"><img loading=\"lazy\" decoding=\"async\" width=\"1024\" height=\"1024\" src=\"https:\/\/word.root.ps\/wp-content\/uploads\/2024\/11\/taller-1-1024x1024.jpg\" alt=\"\" class=\"wp-image-1499\" style=\"width:349px;height:auto\" srcset=\"https:\/\/word.root.ps\/wp-content\/uploads\/2024\/11\/taller-1-1024x1024.jpg 1024w, https:\/\/word.root.ps\/wp-content\/uploads\/2024\/11\/taller-1-300x300.jpg 300w, https:\/\/word.root.ps\/wp-content\/uploads\/2024\/11\/taller-1-150x150.jpg 150w, https:\/\/word.root.ps\/wp-content\/uploads\/2024\/11\/taller-1-768x768.jpg 768w, https:\/\/word.root.ps\/wp-content\/uploads\/2024\/11\/taller-1.jpg 1080w\" sizes=\"(max-width: 1024px) 100vw, 1024px\" \/><\/a><\/figure>\n\n\n\n<p><strong>Taller 1:<br>09h30 Jueves 21 noviembre 2024 &#8211; MEDIACI\u00d3N CULTURAL \u2013 TAU LUNA ACOSTA (COL\/ESP)<\/strong><\/p>\n\n\n\n<p>Entre un lugar, una obra, un objeto arqueol\u00f3gico, y su p\u00fablico hay un espacio de interpretaci\u00f3n y de relaci\u00f3n. La mediaci\u00f3n cultural se mueve en este espacio y es fundamental a tomar en cuenta cuando se piensa en la relaci\u00f3n entre el p\u00fablico y un lugar cultural o de memoria.<\/p>\n\n\n\n<p>Tau Luna Acosta trabaja desde 2016 con pr\u00e1cticas participativas que desdibujan los flujos de la producci\u00f3n pedag\u00f3gica de conocimiento y el arte colaborativo. En 2018 dise\u00f1\u00f3 y fund\u00f3 en Bogot\u00e1 la Escuela de artes y oficios electr\u00f3nicos en 7 barrios perif\u00e9ricos de la ciudad. Entre los a\u00f1os 2022 a 2024 co-dirigi\u00f3 la cooperativa La creatura re[d]productora feminista en Barcelona donde dise\u00f1\u00f3 y coordin\u00f3 el \u00e1rea pedag\u00f3gica transfeminista Urdimbre. Sus m\u00e1s recientes trabajos son la sala de mediaci\u00f3n \u201cdel fuego brotar\u00e1n las semillas que ha guardado la tierra&#8221; en la Fundaci\u00f3n Mir\u00f3 y un laboratorio de reflexi\u00f3n y de experimentaci\u00f3n colectiva vinculado a la exposici\u00f3n \u201cAmazonias. El futuro ancestral\u201d en el CCCB, ambos en 2024 en Barcelona, Espa\u00f1a. En 2025 ser\u00e1 artista en residencia en el CICTA, La Chimba, con la propuesta &#8220;Aliados metab\u00f3licos para digerir un mundo en descomposici\u00f3n&#8221;.<br><a href=\"https:\/\/lunaacosta.net\/\">https:\/\/lunaacosta.net\/<\/a><\/p>\n\n\n\n<figure class=\"wp-block-image size-full\"><a href=\"https:\/\/word.root.ps\/wp-content\/uploads\/2024\/11\/edu.jpg\"><img loading=\"lazy\" decoding=\"async\" width=\"303\" height=\"303\" src=\"https:\/\/word.root.ps\/wp-content\/uploads\/2024\/11\/edu.jpg\" alt=\"\" class=\"wp-image-1482\" srcset=\"https:\/\/word.root.ps\/wp-content\/uploads\/2024\/11\/edu.jpg 303w, https:\/\/word.root.ps\/wp-content\/uploads\/2024\/11\/edu-300x300.jpg 300w, https:\/\/word.root.ps\/wp-content\/uploads\/2024\/11\/edu-150x150.jpg 150w\" sizes=\"(max-width: 303px) 100vw, 303px\" \/><\/a><\/figure>\n\n\n\n<p><strong>Taller 2:<br>18h Jueves 9 enero 2025 &#8211; INSTITUCIONES Y POL\u00cdTICAS CULTURALES &#8211; EDUARDO VACA (ECU)<\/strong><\/p>\n\n\n\n<p>La sostenibilidad de los proyectos culturales depende sobre su inserci\u00f3n en los circuitos de financiaci\u00f3n, comunicaci\u00f3n y validaci\u00f3n. Entre los mas importantes de estos circuitos son las administraciones territoriales publicas, desde lo local hasta lo nacional. Eduardo Vaca nos explica estos diferentes niveles, sus competencias y los medios y formas de acceder a ellas.<\/p>\n\n\n\n<p>Investigador cultural con formaci\u00f3n en pol\u00edticas culturales de base comunitaria por la FLACSO de Argentina, un M\u00e1ster en Gesti\u00f3n Cultural por la Universidad Carlos III de Madrid e ingeniero empresaria por la Escuela Polit\u00e9cnica Nacional de Ecuador. En la \u00faltima d\u00e9cada ha llevado a cabo procesos de gesti\u00f3n cultural y fomento de las artes en instituciones nacionales e internacionales. Desde 2018 desarroll\u00f3 La Experimental, una plataforma de experimentaci\u00f3n cultural y acompa\u00f1amiento de proyectos art\u00edsticos en Ibarra, Ecuador. <a href=\"http:\/\/laexperimentalec.com\/\">http:\/\/laexperimentalec.com\/<\/a><\/p>\n","protected":false},"excerpt":{"rendered":"<p>El Centro Intercultural Comunitario Tr\u00e1nsito Amagua\u00f1a (CICTA) en La Chimba, Cayambe, Ecuador, presenta un ciclo de 4 talleres en linea para aportar herramientas y experiencias para el ejercicio pleno de la gesti\u00f3n cultural rural a favor de los derechos culturales territoriales, la emergencia de las nuevas formas art\u00edsticas y el sustento de las comunidades. 1. [&hellip;]<\/p>\n","protected":false},"author":1,"featured_media":0,"comment_status":"open","ping_status":"open","sticky":false,"template":"","format":"standard","meta":{"footnotes":""},"categories":[5],"tags":[13],"class_list":["post-1443","post","type-post","status-publish","format-standard","hentry","category-actividades","tag-taller"],"_links":{"self":[{"href":"https:\/\/word.root.ps\/index.php?rest_route=\/wp\/v2\/posts\/1443"}],"collection":[{"href":"https:\/\/word.root.ps\/index.php?rest_route=\/wp\/v2\/posts"}],"about":[{"href":"https:\/\/word.root.ps\/index.php?rest_route=\/wp\/v2\/types\/post"}],"author":[{"embeddable":true,"href":"https:\/\/word.root.ps\/index.php?rest_route=\/wp\/v2\/users\/1"}],"replies":[{"embeddable":true,"href":"https:\/\/word.root.ps\/index.php?rest_route=%2Fwp%2Fv2%2Fcomments&post=1443"}],"version-history":[{"count":21,"href":"https:\/\/word.root.ps\/index.php?rest_route=\/wp\/v2\/posts\/1443\/revisions"}],"predecessor-version":[{"id":1510,"href":"https:\/\/word.root.ps\/index.php?rest_route=\/wp\/v2\/posts\/1443\/revisions\/1510"}],"wp:attachment":[{"href":"https:\/\/word.root.ps\/index.php?rest_route=%2Fwp%2Fv2%2Fmedia&parent=1443"}],"wp:term":[{"taxonomy":"category","embeddable":true,"href":"https:\/\/word.root.ps\/index.php?rest_route=%2Fwp%2Fv2%2Fcategories&post=1443"},{"taxonomy":"post_tag","embeddable":true,"href":"https:\/\/word.root.ps\/index.php?rest_route=%2Fwp%2Fv2%2Ftags&post=1443"}],"curies":[{"name":"wp","href":"https:\/\/api.w.org\/{rel}","templated":true}]}}